{"id":654,"date":"2012-07-13T10:37:19","date_gmt":"2012-07-13T08:37:19","guid":{"rendered":"http:\/\/www.ps-wein.de\/weinblog\/?p=654"},"modified":"2020-10-30T13:42:59","modified_gmt":"2020-10-30T12:42:59","slug":"weinlehrpfad-in-nackenheim","status":"publish","type":"post","link":"https:\/\/www.ps-wein.de\/wein-magazin\/weinlehrpfad-in-nackenheim\/","title":{"rendered":"Weinlehrpfad in Nackenheim"},"content":{"rendered":"<p>Rund 10 Kilometer s\u00fcdlich von Mainz ist die Gemeinde Nackenheim gelegen. Die 174 Hektar Rebfl\u00e4che von Nackenheim geh\u00f6ren zum Bereich Nierstein in Rheinhessen und sind in drei Einzellagen unterteilt: Engelsberg, Rothenberg und Schmittskapellchen. Die Lage Rothenberg ist am Rande des Roten Hangs gelegen und z\u00e4hlt damit zu den absoluten Spitzenlagen in Rheinhessen.<br \/>\n<!--more--><\/p>\n<h2>Wegf\u00fchrung des Nackenheimer Weinlehrpfades<\/h2>\n<p>Der Nackenheimer Weinlehrpfad f\u00fchrt \u00fcber den Roten Hang, der seinen Namen den \u00f6rtlichen Rotschieferb\u00f6den zu verdanken hat, durch die beiden Lagen Engelsberg und Rothenberg. Entlang des Weges geben 20 Info-Tafeln Auskunft \u00fcber Rebsorten und Flurbezeichnungen dazu gibt es immer wieder Zitate von Carl Zuckmayer, dem Schriftsteller, der 1896 in Nackenheim geboren wurde und dem Ort in seinem Theaterst\u00fcck \u201eDer fr\u00f6hliche Weinberg\u201c ein Denkmal setzte.<br \/>\nStartpunkt des Weinlehrpfades ist in der Carl-Zuckmayer-Stra\u00dfe, wo es auch eine \u00dcbersichtstafel mit dem Verlauf des Weges gibt, sodass man sich zu Beginn einen guten \u00dcberblick verschaffen kann.<\/p>\n<h3>Gutes Schuhwerk empfohlen, zumindest f\u00fcr den Anfang des Weges<\/h3>\n<p>Der Weinlehrpfad in Nackenheim ist auf den f\u00fcnf Kilometern Wegstrecke zum Teil nicht befestigt, sondern f\u00fchrt \u00fcber eine Art Feldweg, sodass wir dringend zu festem Schuhwerk raten. Vor allem wenn es k\u00fcrzlich geregnet hat, sind feste Schuhe unabdingbar. Sind die H\u00f6hen des Roten Hangs erreicht, bietet sich ein herrlicher Blick \u00fcber den Rhein, der bei klarem Wetter bis nach Frankfurt, zum Odenwald und den Taunus reicht. Unterwegs gibt es immer wieder B\u00e4nke und sogar eine Schutzh\u00fctte, die zu einer Rast einladen.<\/p>\n<h3>Folge den Buttenm\u00e4nnje durch den Weinlehrpfad in Nackenheim<\/h3>\n<p>Damit man sich auf den vielen abzweigenden Wegen nicht verliert, dienen mehrere Wegweiser in Form des Buttenm\u00e4nnje die richtige Route durch die Weinberge. Die einzelnen Buttenm\u00e4nnje sind kunstvoll in Stein gehauene Figuren, die einem Trinkgef\u00e4\u00df aus dem 16. Jahrhundert nachempfunden wurden.<\/p>\n<h4>Bilder vom Weinlehrpfad<\/h4>\n<p>Bilder von diesem Weinlehrpfad haben wir leider nicht gemacht, da wir unsere Kamera vergessen hatten. Aber vielleicht l\u00e4sst sich das in n\u00e4herer Zukunft nachholen, wenn wir die Zeit und Mu\u00dfe haben noch mal \u00fcber den Weinlehrpfad in Nackenheim zu spazieren. <span style=\"color: red;\">UPDATE<\/span>: Gleich heute am 14. Juli sind wir den Weg noch einmal gegangen&#8230; hier sind die Bilder:<\/p>\n<p><a href=\"\/wein-magazin\/wp-content\/uploads\/2012\/nackenheim\/weinlehrpfad1.jpg\"><img loading=\"lazy\" decoding=\"async\" class=\"alignnone\" style=\"float: left; width: 180px; margin: 0; padding: 0; margin-right: 5px;\" title=\"Nackenheimer Kirche vom Weinlehrpfad aus\" src=\"\/wein-magazin\/wp-content\/uploads\/2012\/nackenheim\/weinlehrpfad1.jpg\" alt=\"Blick vom Weinlehrpfad auf Nackenheim\" width=\"800\" height=\"600\" \/><\/a><a href=\"\/wein-magazin\/wp-content\/uploads\/2012\/nackenheim\/weinlehrpfad2.jpg\" rel=\"lightbox[weinlehrpfad]\"><img loading=\"lazy\" decoding=\"async\" class=\"alignnone\" style=\"float: left; width: 180px; margin: 0; padding: 0; margin-right: 5px;\" title=\"Blick \u00fcber Nackenheim\" src=\"\/wein-magazin\/wp-content\/uploads\/2012\/nackenheim\/weinlehrpfad2.jpg\" alt=\"Blick \u00fcber Nackenheim vom Anfang des Weinlehrpfades aus\" width=\"800\" height=\"600\" \/><\/a><a href=\"\/wein-magazin\/wp-content\/uploads\/2012\/nackenheim\/weinlehrpfad3.jpg\" rel=\"lightbox[weinlehrpfad]\"><img loading=\"lazy\" decoding=\"async\" class=\"alignnone\" style=\"float: left; width: 180px; margin: 0; padding: 0; margin-right: 5px;\" title=\"Nackenheimer Weinberg vor untergehender Sonne\" src=\"\/wein-magazin\/wp-content\/uploads\/2012\/nackenheim\/weinlehrpfad3.jpg\" alt=\"Nackenheimer Weinberg vor untergehender Sonne\" width=\"800\" height=\"600\" \/><\/a><a href=\"\/wein-magazin\/wp-content\/uploads\/2012\/nackenheim\/weinlehrpfad4.jpg\" rel=\"lightbox[weinlehrpfad]\"><img loading=\"lazy\" decoding=\"async\" class=\"alignnone\" style=\"float: left; width: 180px; margin: 0; padding: 0; margin-right: 5px; margin-bottom: 5px;\" title=\"Weist den Weg: das Buttenm\u00e4nnje\" src=\"\/wein-magazin\/wp-content\/uploads\/2012\/nackenheim\/weinlehrpfad4.jpg\" alt=\"Buttenm\u00e4nnje als Wegmarkierung am Weinlehrpfad\" width=\"800\" height=\"600\" \/><\/a><br \/>\n<a href=\"\/wein-magazin\/wp-content\/uploads\/2012\/nackenheim\/weinlehrpfad5.jpg\" rel=\"lightbox[weinlehrpfad]\"><img loading=\"lazy\" decoding=\"async\" class=\"alignnone\" style=\"float: left; width: 180px; margin: 0; padding: 0; margin-right: 5px;\" title=\"Detailaufnahme einer Weinrebe\" src=\"\/wein-magazin\/wp-content\/uploads\/2012\/nackenheim\/weinlehrpfad5.jpg\" alt=\"Detailaufnahme einer Weinrebe\" width=\"800\" height=\"600\" \/><\/a><a href=\"\/wein-magazin\/wp-content\/uploads\/2012\/nackenheim\/weinlehrpfad6.jpg\" rel=\"lightbox[weinlehrpfad]\"><img loading=\"lazy\" decoding=\"async\" class=\"alignnone\" style=\"float: left; width: 180px; margin: 0; padding: 0; margin-right: 5px;\" title=\"Eine Traube\" src=\"\/wein-magazin\/wp-content\/uploads\/2012\/nackenheim\/weinlehrpfad6.jpg\" alt=\"Eine Traube reift noch heran\" width=\"800\" height=\"600\" \/><\/a><a href=\"\/wein-magazin\/wp-content\/uploads\/2012\/nackenheim\/weinlehrpfad7.jpg\" rel=\"lightbox[weinlehrpfad]\"><img loading=\"lazy\" decoding=\"async\" class=\"alignnone\" style=\"float: left; width: 180px; margin: 0; padding: 0; margin-right: 5px;\" title=\"Blick \u00fcber den Rhein in Richtung S\u00fcden\" src=\"\/wein-magazin\/wp-content\/uploads\/2012\/nackenheim\/weinlehrpfad7.jpg\" alt=\"Blick \u00fcber den Rhein in Richtung S\u00fcden\" width=\"800\" height=\"600\" \/><\/a><a href=\"\/wein-magazin\/wp-content\/uploads\/2012\/nackenheim\/weinlehrpfad8.jpg\" rel=\"lightbox[weinlehrpfad]\"><img loading=\"lazy\" decoding=\"async\" class=\"alignnone\" style=\"float: left; width: 180px; margin: 0; padding: 0; margin-right: 5px;\" title=\"Eines der Kreuze in den Weinbergen\" src=\"\/wein-magazin\/wp-content\/uploads\/2012\/nackenheim\/weinlehrpfad8.jpg\" alt=\"Eines der Kreuze in den Weinbergen\" width=\"600\" height=\"800\" \/><\/a><a href=\"\/wein-magazin\/wp-content\/uploads\/2012\/nackenheim\/weinlehrpfad9.jpg\" rel=\"lightbox[weinlehrpfad]\"><img loading=\"lazy\" decoding=\"async\" class=\"alignnone\" style=\"float: left; width: 180px; margin: 0; padding: 0; margin-right: 5px;\" title=\"Weinweg\" src=\"\/wein-magazin\/wp-content\/uploads\/2012\/nackenheim\/weinlehrpfad9.jpg\" alt=\"Weinweg f\u00fcr den Agrarbetrieb\" width=\"800\" height=\"600\" \/><\/a><a href=\"\/wein-magazin\/wp-content\/uploads\/2012\/nackenheim\/weinlehrpfad10.jpg\" rel=\"lightbox[weinlehrpfad]\"><img loading=\"lazy\" decoding=\"async\" class=\"alignnone\" style=\"float: left; width: 180px; margin: 0; padding: 0; margin-right: 5px;\" title=\"Am Ende des Nackenheimer Weinlehrpfades erfreuen Sonnenblumen den Wanderer\" src=\"\/wein-magazin\/wp-content\/uploads\/2012\/nackenheim\/weinlehrpfad10.jpg\" alt=\"Am Ende des Nackenheimer Weinlehrpfades erfreuen Sonnenblumen den Wanderer\" width=\"800\" height=\"600\" \/><\/a><\/p>\n<div style=\"clear: both;\"><\/div>\n<h5>Route des Weinlehrpfades in Nackenheim<\/h5>\n<p><iframe loading=\"lazy\" src=\"https:\/\/maps.google.de\/maps\/ms?msa=0&amp;msid=212999619315243562973.0004c48eca16ddfb781e9&amp;hl=de&amp;ie=UTF8&amp;t=h&amp;ll=49.908234,8.338323&amp;spn=0.016583,0.031328&amp;z=15&amp;output=embed\" width=\"730\" height=\"600\" frameborder=\"0\" marginwidth=\"0\" marginheight=\"0\" scrolling=\"no\"><\/iframe><br \/>\n<small><a style=\"color: #0000ff; text-align: left;\" href=\"https:\/\/maps.google.de\/maps\/ms?msa=0&amp;msid=212999619315243562973.0004c48eca16ddfb781e9&amp;hl=de&amp;ie=UTF8&amp;t=h&amp;ll=49.908234,8.338323&amp;spn=0.016583,0.031328&amp;z=15&amp;source=embed\">Weinlehrpfad Nackenheim<\/a> auf einer gr\u00f6\u00dferen Karte anzeigen<\/small><\/p>\n","protected":false},"excerpt":{"rendered":"<p>Rund 10 Kilometer s\u00fcdlich von Mainz ist die Gemeinde Nackenheim gelegen. Die 174 Hektar Rebfl\u00e4che von Nackenheim geh\u00f6ren zum Bereich Nierstein in Rheinhessen und sind in drei Einzellagen unterteilt: Engelsberg, Rothenberg und Schmittskapellchen. Die Lage Rothenberg ist am Rande des Roten Hangs gelegen und z\u00e4hlt damit zu den absoluten Spitzenlagen in Rheinhessen.<\/p>\n","protected":false},"author":1,"featured_media":0,"comment_status":"open","ping_status":"open","sticky":false,"template":"","format":"standard","meta":{"footnotes":""},"categories":[21,22],"tags":[193,290],"class_list":["post-654","post","type-post","status-publish","format-standard","hentry","category-weinregionen","category-weinstrasen","tag-rheinhessen","tag-weinlehrpfad"],"yoast_head":"<!-- This site is optimized with the Yoast SEO plugin v24.2 - https:\/\/yoast.com\/wordpress\/plugins\/seo\/ -->\n<title>Weinlehrpfad in Nackenheim<\/title>\n<meta name=\"robots\" content=\"index, follow, max-snippet:-1, max-image-preview:large, max-video-preview:-1\" \/>\n<link rel=\"canonical\" href=\"https:\/\/www.ps-wein.de\/wein-magazin\/weinlehrpfad-in-nackenheim\/\" \/>\n<meta property=\"og:locale\" content=\"de_DE\" \/>\n<meta property=\"og:type\" content=\"article\" \/>\n<meta property=\"og:title\" content=\"Weinlehrpfad in Nackenheim\" \/>\n<meta property=\"og:description\" content=\"Rund 10 Kilometer s\u00fcdlich von Mainz ist die Gemeinde Nackenheim gelegen. Die 174 Hektar Rebfl\u00e4che von Nackenheim geh\u00f6ren zum Bereich Nierstein in Rheinhessen und sind in drei Einzellagen unterteilt: Engelsberg, Rothenberg und Schmittskapellchen. Die Lage Rothenberg ist am Rande des Roten Hangs gelegen und z\u00e4hlt damit zu den absoluten Spitzenlagen in Rheinhessen.\" \/>\n<meta property=\"og:url\" content=\"https:\/\/www.ps-wein.de\/wein-magazin\/weinlehrpfad-in-nackenheim\/\" \/>\n<meta property=\"og:site_name\" content=\"Wein Magazin | ps-wein.de\" \/>\n<meta property=\"article:published_time\" content=\"2012-07-13T08:37:19+00:00\" \/>\n<meta property=\"article:modified_time\" content=\"2020-10-30T12:42:59+00:00\" \/>\n<meta name=\"author\" content=\"Torsten Schneider\" \/>\n<meta name=\"twitter:card\" content=\"summary_large_image\" \/>\n<script type=\"application\/ld+json\" class=\"yoast-schema-graph\">{\"@context\":\"https:\/\/schema.org\",\"@graph\":[{\"@type\":\"WebPage\",\"@id\":\"https:\/\/www.ps-wein.de\/wein-magazin\/weinlehrpfad-in-nackenheim\/\",\"url\":\"https:\/\/www.ps-wein.de\/wein-magazin\/weinlehrpfad-in-nackenheim\/\",\"name\":\"Weinlehrpfad in Nackenheim\",\"isPartOf\":{\"@id\":\"https:\/\/www.ps-wein.de\/wein-magazin\/#website\"},\"datePublished\":\"2012-07-13T08:37:19+00:00\",\"dateModified\":\"2020-10-30T12:42:59+00:00\",\"author\":{\"@id\":\"https:\/\/www.ps-wein.de\/wein-magazin\/#\/schema\/person\/b6556ce14fa68c44e6b33c455d8b5409\"},\"breadcrumb\":{\"@id\":\"https:\/\/www.ps-wein.de\/wein-magazin\/weinlehrpfad-in-nackenheim\/#breadcrumb\"},\"inLanguage\":\"de\",\"potentialAction\":[{\"@type\":\"ReadAction\",\"target\":[\"https:\/\/www.ps-wein.de\/wein-magazin\/weinlehrpfad-in-nackenheim\/\"]}]},{\"@type\":\"BreadcrumbList\",\"@id\":\"https:\/\/www.ps-wein.de\/wein-magazin\/weinlehrpfad-in-nackenheim\/#breadcrumb\",\"itemListElement\":[{\"@type\":\"ListItem\",\"position\":1,\"name\":\"Wein Magazin\",\"item\":\"https:\/\/www.ps-wein.de\/wein-magazin\/\"},{\"@type\":\"ListItem\",\"position\":2,\"name\":\"Weinregionen\",\"item\":\"https:\/\/www.ps-wein.de\/wein-magazin\/weinregionen\/\"},{\"@type\":\"ListItem\",\"position\":3,\"name\":\"Weinlehrpfad in Nackenheim\"}]},{\"@type\":\"WebSite\",\"@id\":\"https:\/\/www.ps-wein.de\/wein-magazin\/#website\",\"url\":\"https:\/\/www.ps-wein.de\/wein-magazin\/\",\"name\":\"Wein Magazin | ps-wein.de\",\"description\":\"Das Wein-Magazin und Wein-Blog von ps-wein.de\",\"potentialAction\":[{\"@type\":\"SearchAction\",\"target\":{\"@type\":\"EntryPoint\",\"urlTemplate\":\"https:\/\/www.ps-wein.de\/wein-magazin\/?s={search_term_string}\"},\"query-input\":{\"@type\":\"PropertyValueSpecification\",\"valueRequired\":true,\"valueName\":\"search_term_string\"}}],\"inLanguage\":\"de\"},{\"@type\":\"Person\",\"@id\":\"https:\/\/www.ps-wein.de\/wein-magazin\/#\/schema\/person\/b6556ce14fa68c44e6b33c455d8b5409\",\"name\":\"Torsten Schneider\",\"image\":{\"@type\":\"ImageObject\",\"inLanguage\":\"de\",\"@id\":\"https:\/\/www.ps-wein.de\/wein-magazin\/#\/schema\/person\/image\/\",\"url\":\"https:\/\/secure.gravatar.com\/avatar\/e7fea16f86da8d0768f7c68ae91fc877?s=96&d=mm&r=g\",\"contentUrl\":\"https:\/\/secure.gravatar.com\/avatar\/e7fea16f86da8d0768f7c68ae91fc877?s=96&d=mm&r=g\",\"caption\":\"Torsten Schneider\"}}]}<\/script>\n<!-- \/ Yoast SEO plugin. -->","yoast_head_json":{"title":"Weinlehrpfad in Nackenheim","robots":{"index":"index","follow":"follow","max-snippet":"max-snippet:-1","max-image-preview":"max-image-preview:large","max-video-preview":"max-video-preview:-1"},"canonical":"https:\/\/www.ps-wein.de\/wein-magazin\/weinlehrpfad-in-nackenheim\/","og_locale":"de_DE","og_type":"article","og_title":"Weinlehrpfad in Nackenheim","og_description":"Rund 10 Kilometer s\u00fcdlich von Mainz ist die Gemeinde Nackenheim gelegen. Die 174 Hektar Rebfl\u00e4che von Nackenheim geh\u00f6ren zum Bereich Nierstein in Rheinhessen und sind in drei Einzellagen unterteilt: Engelsberg, Rothenberg und Schmittskapellchen. Die Lage Rothenberg ist am Rande des Roten Hangs gelegen und z\u00e4hlt damit zu den absoluten Spitzenlagen in Rheinhessen.","og_url":"https:\/\/www.ps-wein.de\/wein-magazin\/weinlehrpfad-in-nackenheim\/","og_site_name":"Wein Magazin | ps-wein.de","article_published_time":"2012-07-13T08:37:19+00:00","article_modified_time":"2020-10-30T12:42:59+00:00","author":"Torsten Schneider","twitter_card":"summary_large_image","schema":{"@context":"https:\/\/schema.org","@graph":[{"@type":"WebPage","@id":"https:\/\/www.ps-wein.de\/wein-magazin\/weinlehrpfad-in-nackenheim\/","url":"https:\/\/www.ps-wein.de\/wein-magazin\/weinlehrpfad-in-nackenheim\/","name":"Weinlehrpfad in Nackenheim","isPartOf":{"@id":"https:\/\/www.ps-wein.de\/wein-magazin\/#website"},"datePublished":"2012-07-13T08:37:19+00:00","dateModified":"2020-10-30T12:42:59+00:00","author":{"@id":"https:\/\/www.ps-wein.de\/wein-magazin\/#\/schema\/person\/b6556ce14fa68c44e6b33c455d8b5409"},"breadcrumb":{"@id":"https:\/\/www.ps-wein.de\/wein-magazin\/weinlehrpfad-in-nackenheim\/#breadcrumb"},"inLanguage":"de","potentialAction":[{"@type":"ReadAction","target":["https:\/\/www.ps-wein.de\/wein-magazin\/weinlehrpfad-in-nackenheim\/"]}]},{"@type":"BreadcrumbList","@id":"https:\/\/www.ps-wein.de\/wein-magazin\/weinlehrpfad-in-nackenheim\/#breadcrumb","itemListElement":[{"@type":"ListItem","position":1,"name":"Wein Magazin","item":"https:\/\/www.ps-wein.de\/wein-magazin\/"},{"@type":"ListItem","position":2,"name":"Weinregionen","item":"https:\/\/www.ps-wein.de\/wein-magazin\/weinregionen\/"},{"@type":"ListItem","position":3,"name":"Weinlehrpfad in Nackenheim"}]},{"@type":"WebSite","@id":"https:\/\/www.ps-wein.de\/wein-magazin\/#website","url":"https:\/\/www.ps-wein.de\/wein-magazin\/","name":"Wein Magazin | ps-wein.de","description":"Das Wein-Magazin und Wein-Blog von ps-wein.de","potentialAction":[{"@type":"SearchAction","target":{"@type":"EntryPoint","urlTemplate":"https:\/\/www.ps-wein.de\/wein-magazin\/?s={search_term_string}"},"query-input":{"@type":"PropertyValueSpecification","valueRequired":true,"valueName":"search_term_string"}}],"inLanguage":"de"},{"@type":"Person","@id":"https:\/\/www.ps-wein.de\/wein-magazin\/#\/schema\/person\/b6556ce14fa68c44e6b33c455d8b5409","name":"Torsten Schneider","image":{"@type":"ImageObject","inLanguage":"de","@id":"https:\/\/www.ps-wein.de\/wein-magazin\/#\/schema\/person\/image\/","url":"https:\/\/secure.gravatar.com\/avatar\/e7fea16f86da8d0768f7c68ae91fc877?s=96&d=mm&r=g","contentUrl":"https:\/\/secure.gravatar.com\/avatar\/e7fea16f86da8d0768f7c68ae91fc877?s=96&d=mm&r=g","caption":"Torsten Schneider"}}]}},"_links":{"self":[{"href":"https:\/\/www.ps-wein.de\/wein-magazin\/wp-json\/wp\/v2\/posts\/654","targetHints":{"allow":["GET"]}}],"collection":[{"href":"https:\/\/www.ps-wein.de\/wein-magazin\/wp-json\/wp\/v2\/posts"}],"about":[{"href":"https:\/\/www.ps-wein.de\/wein-magazin\/wp-json\/wp\/v2\/types\/post"}],"author":[{"embeddable":true,"href":"https:\/\/www.ps-wein.de\/wein-magazin\/wp-json\/wp\/v2\/users\/1"}],"replies":[{"embeddable":true,"href":"https:\/\/www.ps-wein.de\/wein-magazin\/wp-json\/wp\/v2\/comments?post=654"}],"version-history":[{"count":1,"href":"https:\/\/www.ps-wein.de\/wein-magazin\/wp-json\/wp\/v2\/posts\/654\/revisions"}],"predecessor-version":[{"id":2006,"href":"https:\/\/www.ps-wein.de\/wein-magazin\/wp-json\/wp\/v2\/posts\/654\/revisions\/2006"}],"wp:attachment":[{"href":"https:\/\/www.ps-wein.de\/wein-magazin\/wp-json\/wp\/v2\/media?parent=654"}],"wp:term":[{"taxonomy":"category","embeddable":true,"href":"https:\/\/www.ps-wein.de\/wein-magazin\/wp-json\/wp\/v2\/categories?post=654"},{"taxonomy":"post_tag","embeddable":true,"href":"https:\/\/www.ps-wein.de\/wein-magazin\/wp-json\/wp\/v2\/tags?post=654"}],"curies":[{"name":"wp","href":"https:\/\/api.w.org\/{rel}","templated":true}]}}